{"id":607,"date":"2015-05-25T09:00:54","date_gmt":"2015-05-25T07:00:54","guid":{"rendered":"http:\/\/www.mv-merklingen.de\/HP-MVM\/?p=607"},"modified":"2015-09-11T22:03:08","modified_gmt":"2015-09-11T20:03:08","slug":"wochenblatt-25-mai-2015","status":"publish","type":"post","link":"https:\/\/mv-merklingen.de\/?p=607","title":{"rendered":"Bericht Wochenblatt &#8211; 25. Mai 2015"},"content":{"rendered":"<p>Dreschhallenfest 04.07. &#8211; 06.07.2015:<\/p>\n<p>Samstag: 12 Uhr Er\u00f6ffnung, 17 Uhr Jugendkapelle, 20 Uhr Trachtenkapelle<\/p>\n<p>Sonntag: 11.30 Uhr Fr\u00fchschoppen mit dem MV Wurmlingen, 14 Uhr MV Althengstett, 18 Uhr Bio Brass &#8211; das Highlight des Jahres, junges freches Blech aus dem Unterallg\u00e4u.\u00a0Witzig, laut, schnell und charmant! Die Jungs geben richtig Gas! Blechsound der Extraklasse!<\/p>\n<p>Montag: 12 Uhr Mittagstisch, 14 Uhr Seniorennachmittag mit der Gruppe &#8220;Valeris music&#8221;, 18.30 Uhr Jugendgruppe, 20 Uhr Trachtenkapelle<\/p>\n<p>An allen Tagen nat\u00fcrlich freier Eintritt &#8211; traditionelle Dreschhallen-G\u00f6ckele, Rote, Curry Wurst, Pommes, wilde Kartoffeln, Calamares gegen den Hunger und f\u00fcr den Durst Biere frisch gezapft und allerlei alkoholfreie Durstl\u00f6scher!!! Samstag und Montag ist die Dreschhallenbar ge\u00f6ffnet.<\/p>\n<p>Wir freuen uns schon heute Sie in der Dreschhalle der Familie Mettler begr\u00fc\u00dfen zu d\u00fcrfen. Danke der Familie Mettler, dass wir auch dieses Jahr wieder bei Ihnen feiern d\u00fcrfen.<\/p>\n<p>Liebe Mitglieder und Helfer des Musikvereins &#8211; Save the Date: 22.08.15, f\u00fcr die \u00e4lteren unter uns, halten Sie sich diesen Termin frei.<\/p>\n<p>&#8220;Was wir alleine nicht schaffen, das schaffen wir zusammen&#8221; das Motto unserer Wirtschaftsleiter Lorenz Feyler und Marco Guarneri. Um unser traditionelles Dreschhallenfest in gewohnter Manier zu stemmen ben\u00f6tigen wir Ihre Mithilfe. Gerne d\u00fcrfen Sie uns beim Aufbau, Abbau, Schankdienst egal ob bei der Essens- oder Getr\u00e4nkeausgabe helfen. Bei Interesse bitte bei Lorenz: 0151-29270067 oder Marco 0157-51705356 melden.<\/p>\n<p>Liebe Mitglieder und Mama`s, schon heut m\u00f6chten wir darauf hinweisen, dass wir nat\u00fcrlich auch dieses Jahr wieder Kuchen und Tortenspenden ben\u00f6tigen.<\/p>\n<p>Herzlichen Dank schon im Voraus f\u00fcr Ihre Hilfe!!!<\/p>\n<p>Dreschhalle 2015 &#8211; Sonntag, 5.7. um 18 Uhr: BioBrass- Blasmusik mit Energie:<\/p>\n<p>Mittlerweile sind wir acht junge (teilweise auch jung gebliebene) Musiker aus dem Unterallg\u00e4u. Unser Einzugsgebiet reicht von Mindlau, Lautrach, Arlesried, Frickenhausen bis nach Sontheim und Weinried. Unser Ziel war und ist es, nicht irgendein kleiner Haufen zu sein, der ab und zu mal ein paar Polkas spielt. Wir wollten unserer Band eine ganz besondere Note verleihen und deshalb entschieden wir uns f\u00fcr eine Art von Musik, die traditionelle Blasmusik mit Elementen aus Jazz und Klassik vereinen soll. Eine anspruchsvolle Blechmusik mit Witz und Charme, die unserem Publikum eine ganz neue Seite der herk\u00f6mmlichen Volksmusik aufweisen soll. Unsere ganz gro\u00dfen Vorbilder kommen aus \u00d6sterreich und nennen sich &#8220;da Blechhauf&#8217;n&#8221; \u00a0&#8220;Mnozil Brass&#8221;oder &#8220;Innsbrucker B\u00f6hmische&#8221;. Mittlerweile k\u00f6nnte beim ein oder anderen noch die Frage aufgekommen sein, was dieses &#8220;Brass&#8221; eigentlich zu bedeuten hat. &#8220;Brass&#8221; kommt aus dem Englischen, hei\u00dft w\u00f6rtlich \u00fcbersetzt so viel wie &#8220;Messing&#8221; und wird heutzutage mit einer Art von Musik in Verbindung gebracht, die mit Klarinetten oder sonstigen Holzblasinstrumenten nicht wirklich viel zu tun hat.<\/p>\n<p>Unser Repertoire:<\/p>\n<p>Grunds\u00e4tzlich spielen wir eigentlich alles. Angefangen bei anspruchsvollen Konzertm\u00e4rschen und gem\u00fctlichen Landlern, \u00fcber traditionelle Polkas mit solistischen H\u00f6hepunkten bis hin zu unterhaltsamen Gesangseinlagen mit meistens sehr eigensinnigen Texten. All unsere St\u00fccke sind speziell f\u00fcr unsere Besetzung arrangiert und enthalten stets viele \u00dcberraschungen f\u00fcr unsere Zuh\u00f6rer&#8230;<\/p>\n<p>Alles in Allem ist BioBrass f\u00fcr fast jeden Auftritt zu fast jedem Anlass in fast allen R\u00e4umlichkeiten zu gebrauchen. Mit unserem abwechslungsreichen Programm und unserem geringen Materialeinsatz sind wir flexibel einsetzbar und lassen keinen ihrer W\u00fcnsche offen.<\/p>\n<p>Wir freuen uns schon heute auf Sie, seien Sie live dabei beim Dreschhallenfest 2015 &#8211; Eintritt frei &#8211;<\/p>\n","protected":false},"excerpt":{"rendered":"<p>Dreschhallenfest 04.07. &#8211; 06.07.2015: Samstag: 12 Uhr Er\u00f6ffnung, 17 Uhr Jugendkapelle, 20 Uhr Trachtenkapelle Sonntag: 11.30 Uhr Fr\u00fchschoppen mit dem MV Wurmlingen, 14 Uhr MV Althengstett, 18 Uhr Bio Brass &#8211; das Highlight des Jahres, junges freches Blech aus dem Unterallg\u00e4u.\u00a0Witzig, laut, schnell und charmant! Die Jungs geben richtig Gas! Blechsound der Extraklasse! Montag: 12 [&hellip;]<\/p>\n","protected":false},"author":1,"featured_media":0,"comment_status":"closed","ping_status":"open","sticky":false,"template":"","format":"standard","meta":{"footnotes":""},"categories":[],"tags":[],"class_list":["post-607","post","type-post","status-publish","format-standard","hentry"],"_links":{"self":[{"href":"https:\/\/mv-merklingen.de\/index.php?rest_route=\/wp\/v2\/posts\/607","targetHints":{"allow":["GET"]}}],"collection":[{"href":"https:\/\/mv-merklingen.de\/index.php?rest_route=\/wp\/v2\/posts"}],"about":[{"href":"https:\/\/mv-merklingen.de\/index.php?rest_route=\/wp\/v2\/types\/post"}],"author":[{"embeddable":true,"href":"https:\/\/mv-merklingen.de\/index.php?rest_route=\/wp\/v2\/users\/1"}],"replies":[{"embeddable":true,"href":"https:\/\/mv-merklingen.de\/index.php?rest_route=%2Fwp%2Fv2%2Fcomments&post=607"}],"version-history":[{"count":2,"href":"https:\/\/mv-merklingen.de\/index.php?rest_route=\/wp\/v2\/posts\/607\/revisions"}],"predecessor-version":[{"id":794,"href":"https:\/\/mv-merklingen.de\/index.php?rest_route=\/wp\/v2\/posts\/607\/revisions\/794"}],"wp:attachment":[{"href":"https:\/\/mv-merklingen.de\/index.php?rest_route=%2Fwp%2Fv2%2Fmedia&parent=607"}],"wp:term":[{"taxonomy":"category","embeddable":true,"href":"https:\/\/mv-merklingen.de\/index.php?rest_route=%2Fwp%2Fv2%2Fcategories&post=607"},{"taxonomy":"post_tag","embeddable":true,"href":"https:\/\/mv-merklingen.de\/index.php?rest_route=%2Fwp%2Fv2%2Ftags&post=607"}],"curies":[{"name":"wp","href":"https:\/\/api.w.org\/{rel}","templated":true}]}}